{"id":59371,"date":"2017-03-27T11:23:14","date_gmt":"2017-03-27T09:23:14","guid":{"rendered":"https:\/\/www.fondazionesancarlo.it\/collegio\/le-attivita-della-settimana\/"},"modified":"2023-11-30T16:14:18","modified_gmt":"2023-11-30T15:14:18","slug":"le-attivita-della-settimana","status":"publish","type":"post","link":"https:\/\/www.fondazionesancarlo.it\/collegio\/le-attivita-della-settimana\/","title":{"rendered":"LE ATTIVIT\u00c0 DELLA SETTIMANA"},"content":{"rendered":"<p>Proseguono <strong>marted\u00ec<\/strong> e <strong>gioved\u00ec\u00a0<\/strong>alle 20.15 le lezioni del corso Pre-intermediate e Advanced di Inglese\u00a0in Sala dei Quaranta.<\/p>\n<p>Inizia\u00a0<strong>sabato <\/strong>alle 17 il nuovo\u00a0cineforum organizzato dagli studenti. Il ciclo di incontri di quest&#8217;anno, dal titolo &#8220;Storie da matti&#8221;, Il ciclo di proiezioni di quest&#8217;anno, dal titolo &#8220;Storie da matti&#8221;, \u00e8 pensato per riflettere insieme sui temi legati a salute mentale, follia e (presunta?) normalit\u00e0, autorit\u00e0 e libert\u00e0. Si parte con un grande classico, vincitore di cinque premi Oscar: <em>Qualcuno vol\u00f2 sul nido del cuculo<\/em>, film del 1975 diretto da Milos Forman.<\/p>\n","protected":false},"excerpt":{"rendered":"<p>In programma lezioni e cineforum<\/p>\n","protected":false},"author":4,"featured_media":59372,"comment_status":"open","ping_status":"open","sticky":false,"template":"","format":"standard","meta":{"footnotes":""},"categories":[7],"tags":[],"acf":[],"yoast_head":"<!-- This site is optimized with the Yoast SEO plugin v21.5 - https:\/\/yoast.com\/wordpress\/plugins\/seo\/ -->\n<title>LE ATTIVIT\u00c0 DELLA SETTIMANA - Collegio Fondazione San Carlo<\/title>\n<meta name=\"robots\" content=\"index, follow, max-snippet:-1, max-image-preview:large, max-video-preview:-1\" \/>\n<link rel=\"canonical\" href=\"https:\/\/www.fondazionesancarlo.it\/collegio\/le-attivita-della-settimana\/\" \/>\n<meta property=\"og:locale\" content=\"it_IT\" \/>\n<meta property=\"og:type\" content=\"article\" \/>\n<meta property=\"og:title\" content=\"LE ATTIVIT\u00c0 DELLA SETTIMANA - Collegio Fondazione San Carlo\" \/>\n<meta property=\"og:description\" content=\"In programma lezioni e cineforum\" \/>\n<meta property=\"og:url\" content=\"https:\/\/www.fondazionesancarlo.it\/collegio\/le-attivita-della-settimana\/\" \/>\n<meta property=\"og:site_name\" content=\"Collegio Fondazione San Carlo\" \/>\n<meta property=\"article:published_time\" content=\"2017-03-27T09:23:14+00:00\" \/>\n<meta property=\"article:modified_time\" content=\"2023-11-30T15:14:18+00:00\" \/>\n<meta property=\"og:image\" content=\"https:\/\/www.fondazionesancarlo.it\/collegio\/wp-content\/uploads\/2023\/11\/FSC_20_10_16_005-1.jpg\" \/>\n\t<meta property=\"og:image:width\" content=\"1\" \/>\n\t<meta property=\"og:image:height\" content=\"1\" \/>\n\t<meta property=\"og:image:type\" content=\"image\/jpeg\" \/>\n<meta name=\"twitter:card\" content=\"summary_large_image\" \/>\n<meta name=\"twitter:label1\" content=\"Scritto da\" \/>\n\t<meta name=\"twitter:data1\" content=\"Collegio Fondazione San Carlo\" \/>\n\t<meta name=\"twitter:label2\" content=\"Tempo di lettura stimato\" \/>\n\t<meta name=\"twitter:data2\" content=\"1 minuto\" \/>\n<script type=\"application\/ld+json\" class=\"yoast-schema-graph\">{\"@context\":\"https:\/\/schema.org\",\"@graph\":[{\"@type\":\"WebPage\",\"@id\":\"https:\/\/www.fondazionesancarlo.it\/collegio\/le-attivita-della-settimana\/\",\"url\":\"https:\/\/www.fondazionesancarlo.it\/collegio\/le-attivita-della-settimana\/\",\"name\":\"LE ATTIVIT\u00c0 DELLA SETTIMANA - Collegio Fondazione San Carlo\",\"isPartOf\":{\"@id\":\"https:\/\/www.fondazionesancarlo.it\/collegio\/#website\"},\"datePublished\":\"2017-03-27T09:23:14+00:00\",\"dateModified\":\"2023-11-30T15:14:18+00:00\",\"author\":{\"@id\":\"https:\/\/www.fondazionesancarlo.it\/collegio\/#\/schema\/person\/467895d9af271c4cfb5ad1f7fdc4f592\"},\"breadcrumb\":{\"@id\":\"https:\/\/www.fondazionesancarlo.it\/collegio\/le-attivita-della-settimana\/#breadcrumb\"},\"inLanguage\":\"it-IT\",\"potentialAction\":[{\"@type\":\"ReadAction\",\"target\":[\"https:\/\/www.fondazionesancarlo.it\/collegio\/le-attivita-della-settimana\/\"]}]},{\"@type\":\"BreadcrumbList\",\"@id\":\"https:\/\/www.fondazionesancarlo.it\/collegio\/le-attivita-della-settimana\/#breadcrumb\",\"itemListElement\":[{\"@type\":\"ListItem\",\"position\":1,\"name\":\"Home\",\"item\":\"https:\/\/www.fondazionesancarlo.it\/collegio\/\"},{\"@type\":\"ListItem\",\"position\":2,\"name\":\"LE ATTIVIT\u00c0 DELLA SETTIMANA\"}]},{\"@type\":\"WebSite\",\"@id\":\"https:\/\/www.fondazionesancarlo.it\/collegio\/#website\",\"url\":\"https:\/\/www.fondazionesancarlo.it\/collegio\/\",\"name\":\"Collegio Fondazione San Carlo\",\"description\":\"\",\"potentialAction\":[{\"@type\":\"SearchAction\",\"target\":{\"@type\":\"EntryPoint\",\"urlTemplate\":\"https:\/\/www.fondazionesancarlo.it\/collegio\/?s={search_term_string}\"},\"query-input\":\"required name=search_term_string\"}],\"inLanguage\":\"it-IT\"}]}<\/script>\n<!-- \/ Yoast SEO plugin. -->","yoast_head_json":{"title":"LE ATTIVIT\u00c0 DELLA SETTIMANA - Collegio Fondazione San Carlo","robots":{"index":"index","follow":"follow","max-snippet":"max-snippet:-1","max-image-preview":"max-image-preview:large","max-video-preview":"max-video-preview:-1"},"canonical":"https:\/\/www.fondazionesancarlo.it\/collegio\/le-attivita-della-settimana\/","og_locale":"it_IT","og_type":"article","og_title":"LE ATTIVIT\u00c0 DELLA SETTIMANA - Collegio Fondazione San Carlo","og_description":"In programma lezioni e cineforum","og_url":"https:\/\/www.fondazionesancarlo.it\/collegio\/le-attivita-della-settimana\/","og_site_name":"Collegio Fondazione San Carlo","article_published_time":"2017-03-27T09:23:14+00:00","article_modified_time":"2023-11-30T15:14:18+00:00","og_image":[{"url":"https:\/\/www.fondazionesancarlo.it\/collegio\/wp-content\/uploads\/2023\/11\/FSC_20_10_16_005-1.jpg","width":1,"height":1,"type":"image\/jpeg"}],"twitter_card":"summary_large_image","twitter_misc":{"Scritto da":"Collegio Fondazione San Carlo","Tempo di lettura stimato":"1 minuto"},"schema":{"@context":"https:\/\/schema.org","@graph":[{"@type":"WebPage","@id":"https:\/\/www.fondazionesancarlo.it\/collegio\/le-attivita-della-settimana\/","url":"https:\/\/www.fondazionesancarlo.it\/collegio\/le-attivita-della-settimana\/","name":"LE ATTIVIT\u00c0 DELLA SETTIMANA - Collegio Fondazione San Carlo","isPartOf":{"@id":"https:\/\/www.fondazionesancarlo.it\/collegio\/#website"},"datePublished":"2017-03-27T09:23:14+00:00","dateModified":"2023-11-30T15:14:18+00:00","author":{"@id":"https:\/\/www.fondazionesancarlo.it\/collegio\/#\/schema\/person\/467895d9af271c4cfb5ad1f7fdc4f592"},"breadcrumb":{"@id":"https:\/\/www.fondazionesancarlo.it\/collegio\/le-attivita-della-settimana\/#breadcrumb"},"inLanguage":"it-IT","potentialAction":[{"@type":"ReadAction","target":["https:\/\/www.fondazionesancarlo.it\/collegio\/le-attivita-della-settimana\/"]}]},{"@type":"BreadcrumbList","@id":"https:\/\/www.fondazionesancarlo.it\/collegio\/le-attivita-della-settimana\/#breadcrumb","itemListElement":[{"@type":"ListItem","position":1,"name":"Home","item":"https:\/\/www.fondazionesancarlo.it\/collegio\/"},{"@type":"ListItem","position":2,"name":"LE ATTIVIT\u00c0 DELLA SETTIMANA"}]},{"@type":"WebSite","@id":"https:\/\/www.fondazionesancarlo.it\/collegio\/#website","url":"https:\/\/www.fondazionesancarlo.it\/collegio\/","name":"Collegio Fondazione San Carlo","description":"","potentialAction":[{"@type":"SearchAction","target":{"@type":"EntryPoint","urlTemplate":"https:\/\/www.fondazionesancarlo.it\/collegio\/?s={search_term_string}"},"query-input":"required name=search_term_string"}],"inLanguage":"it-IT"}]}},"_links":{"self":[{"href":"https:\/\/www.fondazionesancarlo.it\/collegio\/wp-json\/wp\/v2\/posts\/59371"}],"collection":[{"href":"https:\/\/www.fondazionesancarlo.it\/collegio\/wp-json\/wp\/v2\/posts"}],"about":[{"href":"https:\/\/www.fondazionesancarlo.it\/collegio\/wp-json\/wp\/v2\/types\/post"}],"author":[{"embeddable":true,"href":"https:\/\/www.fondazionesancarlo.it\/collegio\/wp-json\/wp\/v2\/users\/4"}],"replies":[{"embeddable":true,"href":"https:\/\/www.fondazionesancarlo.it\/collegio\/wp-json\/wp\/v2\/comments?post=59371"}],"version-history":[{"count":2,"href":"https:\/\/www.fondazionesancarlo.it\/collegio\/wp-json\/wp\/v2\/posts\/59371\/revisions"}],"predecessor-version":[{"id":60123,"href":"https:\/\/www.fondazionesancarlo.it\/collegio\/wp-json\/wp\/v2\/posts\/59371\/revisions\/60123"}],"wp:featuredmedia":[{"embeddable":true,"href":"https:\/\/www.fondazionesancarlo.it\/collegio\/wp-json\/wp\/v2\/media\/59372"}],"wp:attachment":[{"href":"https:\/\/www.fondazionesancarlo.it\/collegio\/wp-json\/wp\/v2\/media?parent=59371"}],"wp:term":[{"taxonomy":"category","embeddable":true,"href":"https:\/\/www.fondazionesancarlo.it\/collegio\/wp-json\/wp\/v2\/categories?post=59371"},{"taxonomy":"post_tag","embeddable":true,"href":"https:\/\/www.fondazionesancarlo.it\/collegio\/wp-json\/wp\/v2\/tags?post=59371"}],"curies":[{"name":"wp","href":"https:\/\/api.w.org\/{rel}","templated":true}]}}