{"id":61559,"date":"2024-02-12T10:25:00","date_gmt":"2024-02-12T09:25:00","guid":{"rendered":"https:\/\/www.fondazionesancarlo.it\/collegio\/?p=61559"},"modified":"2024-05-08T10:26:42","modified_gmt":"2024-05-08T08:26:42","slug":"xlv-jornadas-de-los-colegios-mayores-universitarios","status":"publish","type":"post","link":"https:\/\/www.fondazionesancarlo.it\/collegio\/xlv-jornadas-de-los-colegios-mayores-universitarios\/","title":{"rendered":"XLV\u00b0 Jornadas de los Colegios Mayores Universitarios"},"content":{"rendered":"\n<p>La Fondazione Collegio San Carlo parteciper\u00e0, insieme a otto studenti del suo Collegio, alle <em>XLV\u00b0 Jornadas de los Colegios Mayores Universitarios<\/em>, che si terranno a Bilbao dal 15 al 17 febbraio, presso La Universidad de Deusto.<\/p>\n\n\n\n<p>L\u2019evento, dal titolo <em>Los colegios mayores ante los Objetivos de Desarrollo Sostenible: compromiso y capacidad transformadora<\/em> &#8211; I collegi residenziali di fronte agli Obiettivi di Sviluppo Sostenibile: impegno e capacit\u00e0 trasformativa &#8211; organizzato da Consejo de Colegios Mayores Universitarios de Espa\u00f1a (CCMUE), si occuper\u00e0 dei temi promossi dai 17 Obiettivi di Sviluppo Sostenibile, concentrandosi in particolare sulla capacit\u00e0 trasformativa e il compromesso con cui istituti come Universit\u00e0 e Collegi di Merito sono chiamati a confrontarsi, ora pi\u00f9 che mai.<\/p>\n\n\n\n<p>Per raggiungere gli obiettivi preposti dall\u2019Agenda 2023, durante i tre giorni, i Collegi di Merito presenti collaboreranno tra loro per offrire una proposta formativa complementare a quella universitaria, che tenga conto della qualit\u00e0 dell\u2019educazione, della crescita economica e della riduzione delle disuguaglianze, per affrontare con determinazione le sfide del futuro.<\/p>\n","protected":false},"excerpt":{"rendered":"<p>La Fondazione Collegio San Carlo tra i Collegi di Merito presenti alla tre giorni di Bilbao<\/p>\n","protected":false},"author":3,"featured_media":61561,"comment_status":"open","ping_status":"open","sticky":false,"template":"","format":"standard","meta":{"footnotes":""},"categories":[7],"tags":[],"acf":[],"yoast_head":"<!-- This site is optimized with the Yoast SEO plugin v21.5 - https:\/\/yoast.com\/wordpress\/plugins\/seo\/ -->\n<title>XLV\u00b0 Jornadas de los Colegios Mayores Universitarios - Collegio Fondazione San Carlo<\/title>\n<meta name=\"robots\" content=\"index, follow, max-snippet:-1, max-image-preview:large, max-video-preview:-1\" \/>\n<link rel=\"canonical\" href=\"https:\/\/www.fondazionesancarlo.it\/collegio\/xlv-jornadas-de-los-colegios-mayores-universitarios\/\" \/>\n<meta property=\"og:locale\" content=\"it_IT\" \/>\n<meta property=\"og:type\" content=\"article\" \/>\n<meta property=\"og:title\" content=\"XLV\u00b0 Jornadas de los Colegios Mayores Universitarios - Collegio Fondazione San Carlo\" \/>\n<meta property=\"og:description\" content=\"La Fondazione Collegio San Carlo tra i Collegi di Merito presenti alla tre giorni di Bilbao\" \/>\n<meta property=\"og:url\" content=\"https:\/\/www.fondazionesancarlo.it\/collegio\/xlv-jornadas-de-los-colegios-mayores-universitarios\/\" \/>\n<meta property=\"og:site_name\" content=\"Collegio Fondazione San Carlo\" \/>\n<meta property=\"article:published_time\" content=\"2024-02-12T09:25:00+00:00\" \/>\n<meta property=\"article:modified_time\" content=\"2024-05-08T08:26:42+00:00\" \/>\n<meta property=\"og:image\" content=\"https:\/\/www.fondazionesancarlo.it\/collegio\/wp-content\/uploads\/2024\/02\/JORNADAS-interno-notizia-1900x600-1-1200x400-1.jpg\" \/>\n\t<meta property=\"og:image:width\" content=\"1200\" \/>\n\t<meta property=\"og:image:height\" content=\"400\" \/>\n\t<meta property=\"og:image:type\" content=\"image\/jpeg\" \/>\n<meta name=\"twitter:card\" content=\"summary_large_image\" \/>\n<meta name=\"twitter:label1\" content=\"Scritto da\" \/>\n\t<meta name=\"twitter:data1\" content=\"Collegio Fondazione San Carlo\" \/>\n\t<meta name=\"twitter:label2\" content=\"Tempo di lettura stimato\" \/>\n\t<meta name=\"twitter:data2\" content=\"1 minuto\" \/>\n<script type=\"application\/ld+json\" class=\"yoast-schema-graph\">{\"@context\":\"https:\/\/schema.org\",\"@graph\":[{\"@type\":\"WebPage\",\"@id\":\"https:\/\/www.fondazionesancarlo.it\/collegio\/xlv-jornadas-de-los-colegios-mayores-universitarios\/\",\"url\":\"https:\/\/www.fondazionesancarlo.it\/collegio\/xlv-jornadas-de-los-colegios-mayores-universitarios\/\",\"name\":\"XLV\u00b0 Jornadas de los Colegios Mayores Universitarios - Collegio Fondazione San Carlo\",\"isPartOf\":{\"@id\":\"https:\/\/www.fondazionesancarlo.it\/collegio\/#website\"},\"datePublished\":\"2024-02-12T09:25:00+00:00\",\"dateModified\":\"2024-05-08T08:26:42+00:00\",\"author\":{\"@id\":\"https:\/\/www.fondazionesancarlo.it\/collegio\/#\/schema\/person\/b052a62c0da2e12b95e97f1b76534c3c\"},\"breadcrumb\":{\"@id\":\"https:\/\/www.fondazionesancarlo.it\/collegio\/xlv-jornadas-de-los-colegios-mayores-universitarios\/#breadcrumb\"},\"inLanguage\":\"it-IT\",\"potentialAction\":[{\"@type\":\"ReadAction\",\"target\":[\"https:\/\/www.fondazionesancarlo.it\/collegio\/xlv-jornadas-de-los-colegios-mayores-universitarios\/\"]}]},{\"@type\":\"BreadcrumbList\",\"@id\":\"https:\/\/www.fondazionesancarlo.it\/collegio\/xlv-jornadas-de-los-colegios-mayores-universitarios\/#breadcrumb\",\"itemListElement\":[{\"@type\":\"ListItem\",\"position\":1,\"name\":\"Home\",\"item\":\"https:\/\/www.fondazionesancarlo.it\/collegio\/\"},{\"@type\":\"ListItem\",\"position\":2,\"name\":\"XLV\u00b0 Jornadas de los Colegios Mayores Universitarios\"}]},{\"@type\":\"WebSite\",\"@id\":\"https:\/\/www.fondazionesancarlo.it\/collegio\/#website\",\"url\":\"https:\/\/www.fondazionesancarlo.it\/collegio\/\",\"name\":\"Collegio Fondazione San Carlo\",\"description\":\"\",\"potentialAction\":[{\"@type\":\"SearchAction\",\"target\":{\"@type\":\"EntryPoint\",\"urlTemplate\":\"https:\/\/www.fondazionesancarlo.it\/collegio\/?s={search_term_string}\"},\"query-input\":\"required name=search_term_string\"}],\"inLanguage\":\"it-IT\"}]}<\/script>\n<!-- \/ Yoast SEO plugin. -->","yoast_head_json":{"title":"XLV\u00b0 Jornadas de los Colegios Mayores Universitarios - Collegio Fondazione San Carlo","robots":{"index":"index","follow":"follow","max-snippet":"max-snippet:-1","max-image-preview":"max-image-preview:large","max-video-preview":"max-video-preview:-1"},"canonical":"https:\/\/www.fondazionesancarlo.it\/collegio\/xlv-jornadas-de-los-colegios-mayores-universitarios\/","og_locale":"it_IT","og_type":"article","og_title":"XLV\u00b0 Jornadas de los Colegios Mayores Universitarios - Collegio Fondazione San Carlo","og_description":"La Fondazione Collegio San Carlo tra i Collegi di Merito presenti alla tre giorni di Bilbao","og_url":"https:\/\/www.fondazionesancarlo.it\/collegio\/xlv-jornadas-de-los-colegios-mayores-universitarios\/","og_site_name":"Collegio Fondazione San Carlo","article_published_time":"2024-02-12T09:25:00+00:00","article_modified_time":"2024-05-08T08:26:42+00:00","og_image":[{"width":1200,"height":400,"url":"https:\/\/www.fondazionesancarlo.it\/collegio\/wp-content\/uploads\/2024\/02\/JORNADAS-interno-notizia-1900x600-1-1200x400-1.jpg","type":"image\/jpeg"}],"twitter_card":"summary_large_image","twitter_misc":{"Scritto da":"Collegio Fondazione San Carlo","Tempo di lettura stimato":"1 minuto"},"schema":{"@context":"https:\/\/schema.org","@graph":[{"@type":"WebPage","@id":"https:\/\/www.fondazionesancarlo.it\/collegio\/xlv-jornadas-de-los-colegios-mayores-universitarios\/","url":"https:\/\/www.fondazionesancarlo.it\/collegio\/xlv-jornadas-de-los-colegios-mayores-universitarios\/","name":"XLV\u00b0 Jornadas de los Colegios Mayores Universitarios - Collegio Fondazione San Carlo","isPartOf":{"@id":"https:\/\/www.fondazionesancarlo.it\/collegio\/#website"},"datePublished":"2024-02-12T09:25:00+00:00","dateModified":"2024-05-08T08:26:42+00:00","author":{"@id":"https:\/\/www.fondazionesancarlo.it\/collegio\/#\/schema\/person\/b052a62c0da2e12b95e97f1b76534c3c"},"breadcrumb":{"@id":"https:\/\/www.fondazionesancarlo.it\/collegio\/xlv-jornadas-de-los-colegios-mayores-universitarios\/#breadcrumb"},"inLanguage":"it-IT","potentialAction":[{"@type":"ReadAction","target":["https:\/\/www.fondazionesancarlo.it\/collegio\/xlv-jornadas-de-los-colegios-mayores-universitarios\/"]}]},{"@type":"BreadcrumbList","@id":"https:\/\/www.fondazionesancarlo.it\/collegio\/xlv-jornadas-de-los-colegios-mayores-universitarios\/#breadcrumb","itemListElement":[{"@type":"ListItem","position":1,"name":"Home","item":"https:\/\/www.fondazionesancarlo.it\/collegio\/"},{"@type":"ListItem","position":2,"name":"XLV\u00b0 Jornadas de los Colegios Mayores Universitarios"}]},{"@type":"WebSite","@id":"https:\/\/www.fondazionesancarlo.it\/collegio\/#website","url":"https:\/\/www.fondazionesancarlo.it\/collegio\/","name":"Collegio Fondazione San Carlo","description":"","potentialAction":[{"@type":"SearchAction","target":{"@type":"EntryPoint","urlTemplate":"https:\/\/www.fondazionesancarlo.it\/collegio\/?s={search_term_string}"},"query-input":"required name=search_term_string"}],"inLanguage":"it-IT"}]}},"_links":{"self":[{"href":"https:\/\/www.fondazionesancarlo.it\/collegio\/wp-json\/wp\/v2\/posts\/61559"}],"collection":[{"href":"https:\/\/www.fondazionesancarlo.it\/collegio\/wp-json\/wp\/v2\/posts"}],"about":[{"href":"https:\/\/www.fondazionesancarlo.it\/collegio\/wp-json\/wp\/v2\/types\/post"}],"author":[{"embeddable":true,"href":"https:\/\/www.fondazionesancarlo.it\/collegio\/wp-json\/wp\/v2\/users\/3"}],"replies":[{"embeddable":true,"href":"https:\/\/www.fondazionesancarlo.it\/collegio\/wp-json\/wp\/v2\/comments?post=61559"}],"version-history":[{"count":2,"href":"https:\/\/www.fondazionesancarlo.it\/collegio\/wp-json\/wp\/v2\/posts\/61559\/revisions"}],"predecessor-version":[{"id":61562,"href":"https:\/\/www.fondazionesancarlo.it\/collegio\/wp-json\/wp\/v2\/posts\/61559\/revisions\/61562"}],"wp:featuredmedia":[{"embeddable":true,"href":"https:\/\/www.fondazionesancarlo.it\/collegio\/wp-json\/wp\/v2\/media\/61561"}],"wp:attachment":[{"href":"https:\/\/www.fondazionesancarlo.it\/collegio\/wp-json\/wp\/v2\/media?parent=61559"}],"wp:term":[{"taxonomy":"category","embeddable":true,"href":"https:\/\/www.fondazionesancarlo.it\/collegio\/wp-json\/wp\/v2\/categories?post=61559"},{"taxonomy":"post_tag","embeddable":true,"href":"https:\/\/www.fondazionesancarlo.it\/collegio\/wp-json\/wp\/v2\/tags?post=61559"}],"curies":[{"name":"wp","href":"https:\/\/api.w.org\/{rel}","templated":true}]}}