{"id":61563,"date":"2024-03-13T10:28:00","date_gmt":"2024-03-13T09:28:00","guid":{"rendered":"https:\/\/www.fondazionesancarlo.it\/collegio\/?p=61563"},"modified":"2025-02-04T16:32:56","modified_gmt":"2025-02-04T15:32:56","slug":"etica-delle-professioni-sperimentare-il-cambiamento-per-prepararsi-alle-sfide-del-futuro","status":"publish","type":"post","link":"https:\/\/www.fondazionesancarlo.it\/collegio\/etica-delle-professioni-sperimentare-il-cambiamento-per-prepararsi-alle-sfide-del-futuro\/","title":{"rendered":"Etica delle professioni. Sperimentare il cambiamento per prepararsi alle sfide del futuro"},"content":{"rendered":"\n<p>Nel 2024, il laboratorio di Etica delle professioni, giunto alla sua 18\u00aa edizione, continua a fornire un&#8217;importante <strong>piattaforma per la riflessione e il dibattito sull&#8217;etica<\/strong> nell&#8217;ambiente accademico e professionale. In un mondo che evolve rapidamente, con nuove sfide e opportunit\u00e0 emergenti, <strong>la formazione etica \u00e8 diventata sempre pi\u00f9 cruciale per i futuri professionisti<\/strong>.&nbsp;<\/p>\n\n\n\n<p>Organizzato dal Collegio della Fondazione Collegio San Carlo in stretta collaborazione con l&#8217;Universit\u00e0 di Modena e Reggio Emilia, gli incontri si basano sul successo delle edizioni precedenti, integrando le voci e le esperienze degli studenti per offrire un programma sempre pi\u00f9 rilevante e attuale. Attraverso incontri presso la sede della Fondazione, <strong>gli studenti hanno l&#8217;opportunit\u00e0 di esplorare e comprendere i dilemmi etici che affronteranno nella loro vita professionale<\/strong>.&nbsp;<\/p>\n\n\n\n<p>Aperto agli <strong>studenti dell\u2019Universit\u00e0 di Modena e Reggio Emilia e dei Collegi Universitari di Merito<\/strong>, il corso continua a riconoscere Crediti Formativi Universitari a diversi percorsi accademici, ampliando cos\u00ec la sua portata e il suo impatto.&nbsp;&nbsp;<\/p>\n\n\n\n<p>Con un <strong>impegno costante per l&#8217;eccellenza e l&#8217;innovazione<\/strong>, il laboratorio di Etica delle professioni si conferma una risorsa indispensabile per i futuri professionisti, preparandoli ad affrontare le sfide etiche con intelligenza, sensibilit\u00e0 e responsabilit\u00e0.&nbsp;<\/p>\n\n\n\n<p><strong>luned\u00ec 8 aprile 2024, ore 18<\/strong><br><strong>Una sconosciuta (?): l\u2019etica<\/strong><br>MATTEO CAVANI Istituto Superiore di Scienze Religiose&nbsp;&nbsp;<\/p>\n\n\n\n<p><strong>luned\u00ec 15 aprile 2024, ore 18<\/strong><br><strong>La sicurezza sul lavoro come questione etica<\/strong><br>ALBERTO LEVI Universit\u00e0 di Modena e Reggio Emilia&nbsp;&nbsp;<\/p>\n\n\n\n<p><strong>luned\u00ec 22 aprile 2024, ore 18<\/strong><br><strong>La fine della vita<\/strong><br>GIANFRANCESCO ZANETTI Universit\u00e0 di Modena e Reggio Emilia&nbsp;&nbsp;<\/p>\n\n\n\n<p><strong>luned\u00ec 6 maggio 2024, ore 18<\/strong><br><strong>Dilemmi di fronte alle terapie standard e sperimentali<\/strong><br>GIUSEPPE LONGO Universit\u00e0 di Modena e Reggio Emilia&nbsp;&nbsp;<\/p>\n\n\n\n<p><strong>luned\u00ec 13 maggio 2024, ore 18<\/strong><br><strong>Riflessioni etiche sulla sperimentazione animale<\/strong><br>GIULIANO GRIGNASCHI Research4Life -Universit\u00e0 Statale di Milano<br>ROBERTO SITIA Universit\u00e0 Vita e Salute dell&#8217;Ospedale San Raffaele di Milano&nbsp;<\/p>\n\n\n\n<p>Scarica il <a href=\"https:\/\/www.fondazionesancarlo.it\/wp-content\/uploads\/2024\/04\/FSC-Etica-delle-professioni-2024-2.pdf\">programma del laboratorio di Etica delle professioni 2024<em>&nbsp;<\/em><\/a><\/p>\n\n\n\n<p><a href=\"https:\/\/www.fondazionesancarlo.it\/wp-content\/uploads\/2024\/03\/Etica-2024-Architetti_DEF-2.pdf\">Programma per gli Architetti<\/a><\/p>\n","protected":false},"excerpt":{"rendered":"<p>Nel 2024, il laboratorio di Etica delle professioni, giunto alla sua 18\u00aa edizione, continua a fornire un&#8217;importante piattaforma per la riflessione e il dibattito sull&#8217;etica nell&#8217;ambiente accademico e professionale.<\/p>\n","protected":false},"author":3,"featured_media":61567,"comment_status":"open","ping_status":"open","sticky":false,"template":"","format":"standard","meta":{"footnotes":""},"categories":[134],"tags":[],"acf":[],"yoast_head":"<!-- This site is optimized with the Yoast SEO plugin v21.5 - https:\/\/yoast.com\/wordpress\/plugins\/seo\/ -->\n<title>Etica delle professioni. Sperimentare il cambiamento per prepararsi alle sfide del futuro - Collegio Fondazione San Carlo<\/title>\n<meta name=\"robots\" content=\"index, follow, max-snippet:-1, max-image-preview:large, max-video-preview:-1\" \/>\n<link rel=\"canonical\" href=\"https:\/\/www.fondazionesancarlo.it\/collegio\/etica-delle-professioni-sperimentare-il-cambiamento-per-prepararsi-alle-sfide-del-futuro\/\" \/>\n<meta property=\"og:locale\" content=\"it_IT\" \/>\n<meta property=\"og:type\" content=\"article\" \/>\n<meta property=\"og:title\" content=\"Etica delle professioni. Sperimentare il cambiamento per prepararsi alle sfide del futuro - Collegio Fondazione San Carlo\" \/>\n<meta property=\"og:description\" content=\"Nel 2024, il laboratorio di Etica delle professioni, giunto alla sua 18\u00aa edizione, continua a fornire un&#039;importante piattaforma per la riflessione e il dibattito sull&#039;etica nell&#039;ambiente accademico e professionale.\" \/>\n<meta property=\"og:url\" content=\"https:\/\/www.fondazionesancarlo.it\/collegio\/etica-delle-professioni-sperimentare-il-cambiamento-per-prepararsi-alle-sfide-del-futuro\/\" \/>\n<meta property=\"og:site_name\" content=\"Collegio Fondazione San Carlo\" \/>\n<meta property=\"article:published_time\" content=\"2024-03-13T09:28:00+00:00\" \/>\n<meta property=\"article:modified_time\" content=\"2025-02-04T15:32:56+00:00\" \/>\n<meta property=\"og:image\" content=\"https:\/\/www.fondazionesancarlo.it\/collegio\/wp-content\/uploads\/2024\/03\/Interna-News-sito-web-1900x600-2-1200x400-1.jpg\" \/>\n\t<meta property=\"og:image:width\" content=\"1200\" \/>\n\t<meta property=\"og:image:height\" content=\"400\" \/>\n\t<meta property=\"og:image:type\" content=\"image\/jpeg\" \/>\n<meta name=\"twitter:card\" content=\"summary_large_image\" \/>\n<meta name=\"twitter:label1\" content=\"Scritto da\" \/>\n\t<meta name=\"twitter:data1\" content=\"Collegio Fondazione San Carlo\" \/>\n\t<meta name=\"twitter:label2\" content=\"Tempo di lettura stimato\" \/>\n\t<meta name=\"twitter:data2\" content=\"2 minuti\" \/>\n<script type=\"application\/ld+json\" class=\"yoast-schema-graph\">{\"@context\":\"https:\/\/schema.org\",\"@graph\":[{\"@type\":\"WebPage\",\"@id\":\"https:\/\/www.fondazionesancarlo.it\/collegio\/etica-delle-professioni-sperimentare-il-cambiamento-per-prepararsi-alle-sfide-del-futuro\/\",\"url\":\"https:\/\/www.fondazionesancarlo.it\/collegio\/etica-delle-professioni-sperimentare-il-cambiamento-per-prepararsi-alle-sfide-del-futuro\/\",\"name\":\"Etica delle professioni. Sperimentare il cambiamento per prepararsi alle sfide del futuro - Collegio Fondazione San Carlo\",\"isPartOf\":{\"@id\":\"https:\/\/www.fondazionesancarlo.it\/collegio\/#website\"},\"datePublished\":\"2024-03-13T09:28:00+00:00\",\"dateModified\":\"2025-02-04T15:32:56+00:00\",\"author\":{\"@id\":\"https:\/\/www.fondazionesancarlo.it\/collegio\/#\/schema\/person\/b052a62c0da2e12b95e97f1b76534c3c\"},\"breadcrumb\":{\"@id\":\"https:\/\/www.fondazionesancarlo.it\/collegio\/etica-delle-professioni-sperimentare-il-cambiamento-per-prepararsi-alle-sfide-del-futuro\/#breadcrumb\"},\"inLanguage\":\"it-IT\",\"potentialAction\":[{\"@type\":\"ReadAction\",\"target\":[\"https:\/\/www.fondazionesancarlo.it\/collegio\/etica-delle-professioni-sperimentare-il-cambiamento-per-prepararsi-alle-sfide-del-futuro\/\"]}]},{\"@type\":\"BreadcrumbList\",\"@id\":\"https:\/\/www.fondazionesancarlo.it\/collegio\/etica-delle-professioni-sperimentare-il-cambiamento-per-prepararsi-alle-sfide-del-futuro\/#breadcrumb\",\"itemListElement\":[{\"@type\":\"ListItem\",\"position\":1,\"name\":\"Home\",\"item\":\"https:\/\/www.fondazionesancarlo.it\/collegio\/\"},{\"@type\":\"ListItem\",\"position\":2,\"name\":\"Etica delle professioni. Sperimentare il cambiamento per prepararsi alle sfide del futuro\"}]},{\"@type\":\"WebSite\",\"@id\":\"https:\/\/www.fondazionesancarlo.it\/collegio\/#website\",\"url\":\"https:\/\/www.fondazionesancarlo.it\/collegio\/\",\"name\":\"Collegio Fondazione San Carlo\",\"description\":\"\",\"potentialAction\":[{\"@type\":\"SearchAction\",\"target\":{\"@type\":\"EntryPoint\",\"urlTemplate\":\"https:\/\/www.fondazionesancarlo.it\/collegio\/?s={search_term_string}\"},\"query-input\":\"required name=search_term_string\"}],\"inLanguage\":\"it-IT\"}]}<\/script>\n<!-- \/ Yoast SEO plugin. -->","yoast_head_json":{"title":"Etica delle professioni. Sperimentare il cambiamento per prepararsi alle sfide del futuro - Collegio Fondazione San Carlo","robots":{"index":"index","follow":"follow","max-snippet":"max-snippet:-1","max-image-preview":"max-image-preview:large","max-video-preview":"max-video-preview:-1"},"canonical":"https:\/\/www.fondazionesancarlo.it\/collegio\/etica-delle-professioni-sperimentare-il-cambiamento-per-prepararsi-alle-sfide-del-futuro\/","og_locale":"it_IT","og_type":"article","og_title":"Etica delle professioni. Sperimentare il cambiamento per prepararsi alle sfide del futuro - Collegio Fondazione San Carlo","og_description":"Nel 2024, il laboratorio di Etica delle professioni, giunto alla sua 18\u00aa edizione, continua a fornire un'importante piattaforma per la riflessione e il dibattito sull'etica nell'ambiente accademico e professionale.","og_url":"https:\/\/www.fondazionesancarlo.it\/collegio\/etica-delle-professioni-sperimentare-il-cambiamento-per-prepararsi-alle-sfide-del-futuro\/","og_site_name":"Collegio Fondazione San Carlo","article_published_time":"2024-03-13T09:28:00+00:00","article_modified_time":"2025-02-04T15:32:56+00:00","og_image":[{"width":1200,"height":400,"url":"https:\/\/www.fondazionesancarlo.it\/collegio\/wp-content\/uploads\/2024\/03\/Interna-News-sito-web-1900x600-2-1200x400-1.jpg","type":"image\/jpeg"}],"twitter_card":"summary_large_image","twitter_misc":{"Scritto da":"Collegio Fondazione San Carlo","Tempo di lettura stimato":"2 minuti"},"schema":{"@context":"https:\/\/schema.org","@graph":[{"@type":"WebPage","@id":"https:\/\/www.fondazionesancarlo.it\/collegio\/etica-delle-professioni-sperimentare-il-cambiamento-per-prepararsi-alle-sfide-del-futuro\/","url":"https:\/\/www.fondazionesancarlo.it\/collegio\/etica-delle-professioni-sperimentare-il-cambiamento-per-prepararsi-alle-sfide-del-futuro\/","name":"Etica delle professioni. Sperimentare il cambiamento per prepararsi alle sfide del futuro - Collegio Fondazione San Carlo","isPartOf":{"@id":"https:\/\/www.fondazionesancarlo.it\/collegio\/#website"},"datePublished":"2024-03-13T09:28:00+00:00","dateModified":"2025-02-04T15:32:56+00:00","author":{"@id":"https:\/\/www.fondazionesancarlo.it\/collegio\/#\/schema\/person\/b052a62c0da2e12b95e97f1b76534c3c"},"breadcrumb":{"@id":"https:\/\/www.fondazionesancarlo.it\/collegio\/etica-delle-professioni-sperimentare-il-cambiamento-per-prepararsi-alle-sfide-del-futuro\/#breadcrumb"},"inLanguage":"it-IT","potentialAction":[{"@type":"ReadAction","target":["https:\/\/www.fondazionesancarlo.it\/collegio\/etica-delle-professioni-sperimentare-il-cambiamento-per-prepararsi-alle-sfide-del-futuro\/"]}]},{"@type":"BreadcrumbList","@id":"https:\/\/www.fondazionesancarlo.it\/collegio\/etica-delle-professioni-sperimentare-il-cambiamento-per-prepararsi-alle-sfide-del-futuro\/#breadcrumb","itemListElement":[{"@type":"ListItem","position":1,"name":"Home","item":"https:\/\/www.fondazionesancarlo.it\/collegio\/"},{"@type":"ListItem","position":2,"name":"Etica delle professioni. Sperimentare il cambiamento per prepararsi alle sfide del futuro"}]},{"@type":"WebSite","@id":"https:\/\/www.fondazionesancarlo.it\/collegio\/#website","url":"https:\/\/www.fondazionesancarlo.it\/collegio\/","name":"Collegio Fondazione San Carlo","description":"","potentialAction":[{"@type":"SearchAction","target":{"@type":"EntryPoint","urlTemplate":"https:\/\/www.fondazionesancarlo.it\/collegio\/?s={search_term_string}"},"query-input":"required name=search_term_string"}],"inLanguage":"it-IT"}]}},"_links":{"self":[{"href":"https:\/\/www.fondazionesancarlo.it\/collegio\/wp-json\/wp\/v2\/posts\/61563"}],"collection":[{"href":"https:\/\/www.fondazionesancarlo.it\/collegio\/wp-json\/wp\/v2\/posts"}],"about":[{"href":"https:\/\/www.fondazionesancarlo.it\/collegio\/wp-json\/wp\/v2\/types\/post"}],"author":[{"embeddable":true,"href":"https:\/\/www.fondazionesancarlo.it\/collegio\/wp-json\/wp\/v2\/users\/3"}],"replies":[{"embeddable":true,"href":"https:\/\/www.fondazionesancarlo.it\/collegio\/wp-json\/wp\/v2\/comments?post=61563"}],"version-history":[{"count":2,"href":"https:\/\/www.fondazionesancarlo.it\/collegio\/wp-json\/wp\/v2\/posts\/61563\/revisions"}],"predecessor-version":[{"id":61566,"href":"https:\/\/www.fondazionesancarlo.it\/collegio\/wp-json\/wp\/v2\/posts\/61563\/revisions\/61566"}],"wp:featuredmedia":[{"embeddable":true,"href":"https:\/\/www.fondazionesancarlo.it\/collegio\/wp-json\/wp\/v2\/media\/61567"}],"wp:attachment":[{"href":"https:\/\/www.fondazionesancarlo.it\/collegio\/wp-json\/wp\/v2\/media?parent=61563"}],"wp:term":[{"taxonomy":"category","embeddable":true,"href":"https:\/\/www.fondazionesancarlo.it\/collegio\/wp-json\/wp\/v2\/categories?post=61563"},{"taxonomy":"post_tag","embeddable":true,"href":"https:\/\/www.fondazionesancarlo.it\/collegio\/wp-json\/wp\/v2\/tags?post=61563"}],"curies":[{"name":"wp","href":"https:\/\/api.w.org\/{rel}","templated":true}]}}